{"id":9883,"date":"2026-04-29T22:40:00","date_gmt":"2026-04-29T20:40:00","guid":{"rendered":"http:\/\/kopfgraetsche.de\/?p=9883"},"modified":"2026-05-01T17:47:36","modified_gmt":"2026-05-01T15:47:36","slug":"29-april-2026-die-fuessiker","status":"publish","type":"post","link":"http:\/\/kopfgraetsche.de\/?p=9883","title":{"rendered":"29. April 2026 \u2013 Die F\u00fc\u00dfiker"},"content":{"rendered":"\n<figure class=\"wp-block-image size-full\"><a href=\"http:\/\/kopfgraetsche.de\/wp-content\/uploads\/2026\/05\/2026-04-29-scaled.jpg\"><img loading=\"lazy\" decoding=\"async\" width=\"2560\" height=\"1553\" data-attachment-id=\"9884\" data-permalink=\"http:\/\/kopfgraetsche.de\/?attachment_id=9884\" data-orig-file=\"http:\/\/kopfgraetsche.de\/wp-content\/uploads\/2026\/05\/2026-04-29-scaled.jpg\" data-orig-size=\"2560,1553\" data-comments-opened=\"0\" data-image-meta=\"{&quot;aperture&quot;:&quot;1.6&quot;,&quot;credit&quot;:&quot;&quot;,&quot;camera&quot;:&quot;iPhone Air&quot;,&quot;caption&quot;:&quot;&quot;,&quot;created_timestamp&quot;:&quot;1777493597&quot;,&quot;copyright&quot;:&quot;&quot;,&quot;focal_length&quot;:&quot;5.960000038147&quot;,&quot;iso&quot;:&quot;80&quot;,&quot;shutter_speed&quot;:&quot;0.0050251256281407&quot;,&quot;title&quot;:&quot;&quot;,&quot;orientation&quot;:&quot;1&quot;}\" data-image-title=\"2026-04-29\" data-image-description=\"\" data-image-caption=\"\" data-medium-file=\"http:\/\/kopfgraetsche.de\/wp-content\/uploads\/2026\/05\/2026-04-29-300x182.jpg\" data-large-file=\"http:\/\/kopfgraetsche.de\/wp-content\/uploads\/2026\/05\/2026-04-29-1024x621.jpg\" src=\"http:\/\/kopfgraetsche.de\/wp-content\/uploads\/2026\/05\/2026-04-29-scaled.jpg\" alt=\"\" class=\"wp-image-9884\" srcset=\"http:\/\/kopfgraetsche.de\/wp-content\/uploads\/2026\/05\/2026-04-29-scaled.jpg 2560w, http:\/\/kopfgraetsche.de\/wp-content\/uploads\/2026\/05\/2026-04-29-300x182.jpg 300w, http:\/\/kopfgraetsche.de\/wp-content\/uploads\/2026\/05\/2026-04-29-1024x621.jpg 1024w, http:\/\/kopfgraetsche.de\/wp-content\/uploads\/2026\/05\/2026-04-29-768x466.jpg 768w, http:\/\/kopfgraetsche.de\/wp-content\/uploads\/2026\/05\/2026-04-29-1536x932.jpg 1536w, http:\/\/kopfgraetsche.de\/wp-content\/uploads\/2026\/05\/2026-04-29-2048x1242.jpg 2048w, http:\/\/kopfgraetsche.de\/wp-content\/uploads\/2026\/05\/2026-04-29-495x300.jpg 495w\" sizes=\"auto, (max-width: 2560px) 100vw, 2560px\" \/><\/a><\/figure>\n\n\n\n<p><\/p>\n","protected":false},"excerpt":{"rendered":"","protected":false},"author":1,"featured_media":0,"comment_status":"closed","ping_status":"","sticky":false,"template":"","format":"standard","meta":{"jetpack_post_was_ever_published":false,"_jetpack_newsletter_access":"","footnotes":""},"categories":[3],"tags":[89,1634,1662,77,1369,16,15,309,57,116,1247],"class_list":["post-9883","post","type-post","status-publish","format-standard","hentry","category-foto","tag-andre","tag-aubril","tag-burak","tag-frank","tag-godfrey","tag-jan","tag-jurgen","tag-kevin","tag-mittwoch","tag-philipp","tag-rashed"],"jetpack_featured_media_url":"","jetpack_sharing_enabled":true,"jetpack_shortlink":"https:\/\/wp.me\/pdIOD5-2zp","jetpack_likes_enabled":true,"jetpack-related-posts":[{"id":3466,"url":"http:\/\/kopfgraetsche.de\/?p=3466","url_meta":{"origin":9883,"position":0},"title":"29. April 2015","author":"cw","date":"29. April 2015","format":false,"excerpt":"Immer auf Ballh\u00f6he: Yi\u011fit hatte wohl schon so eine Ahnung, wie das DFB-Pokalspiel Bielefeld gegen Wolfsburg ausgehen w\u00fcrde...","rel":"","context":"In &quot;Allgemein&quot;","block_context":{"text":"Allgemein","link":"http:\/\/kopfgraetsche.de\/?cat=1"},"img":{"alt_text":"Fu\u00c3\u009fball_April_2015_04_29","src":"https:\/\/i0.wp.com\/212.201.36.177\/~kopfgraetsche\/wp-content\/uploads\/2015\/04\/Fu\u00c3\u009fball_April_2015_04_29.jpg?resize=350%2C200","width":350,"height":200,"srcset":"https:\/\/i0.wp.com\/212.201.36.177\/~kopfgraetsche\/wp-content\/uploads\/2015\/04\/Fu\u00c3\u009fball_April_2015_04_29.jpg?resize=350%2C200 1x, https:\/\/i0.wp.com\/212.201.36.177\/~kopfgraetsche\/wp-content\/uploads\/2015\/04\/Fu\u00c3\u009fball_April_2015_04_29.jpg?resize=700%2C400 2x, https:\/\/i0.wp.com\/212.201.36.177\/~kopfgraetsche\/wp-content\/uploads\/2015\/04\/Fu\u00c3\u009fball_April_2015_04_29.jpg?resize=1050%2C600 3x, https:\/\/i0.wp.com\/212.201.36.177\/~kopfgraetsche\/wp-content\/uploads\/2015\/04\/Fu\u00c3\u009fball_April_2015_04_29.jpg?resize=1400%2C800 4x"},"classes":[]},{"id":8437,"url":"http:\/\/kopfgraetsche.de\/?p=8437","url_meta":{"origin":9883,"position":1},"title":"29. April 2023 &#8211; &#8222;Das war mein letztes Spiel&#8220;","author":"cw","date":"29. April 2023","format":false,"excerpt":"... sagte Atabek kurz nach diesem #Kopfgr\u00e4tsche-Foto. Atabek ist der junge Mann im gelb-blauen Fenerbah\u00e7e-Trikot und dem New-York-Yankees-Basecap. Er hat seit etwa einem Jahr immer mal wieder bei uns mitgespielt. Immer freundlich, immer bescheiden. Er hat vorsichtig Deutsch gesprochen und wurde immer besser. Auch in der Stadt sind wir uns\u2026","rel":"","context":"In &quot;Allgemein&quot;","block_context":{"text":"Allgemein","link":"http:\/\/kopfgraetsche.de\/?cat=1"},"img":{"alt_text":"","src":"https:\/\/i0.wp.com\/kopfgraetsche.de\/wp-content\/uploads\/2023\/05\/Fussball_20230429-scaled.jpg?resize=350%2C200","width":350,"height":200,"srcset":"https:\/\/i0.wp.com\/kopfgraetsche.de\/wp-content\/uploads\/2023\/05\/Fussball_20230429-scaled.jpg?resize=350%2C200 1x, https:\/\/i0.wp.com\/kopfgraetsche.de\/wp-content\/uploads\/2023\/05\/Fussball_20230429-scaled.jpg?resize=700%2C400 2x, https:\/\/i0.wp.com\/kopfgraetsche.de\/wp-content\/uploads\/2023\/05\/Fussball_20230429-scaled.jpg?resize=1050%2C600 3x, https:\/\/i0.wp.com\/kopfgraetsche.de\/wp-content\/uploads\/2023\/05\/Fussball_20230429-scaled.jpg?resize=1400%2C800 4x"},"classes":[]},{"id":5924,"url":"http:\/\/kopfgraetsche.de\/?p=5924","url_meta":{"origin":9883,"position":2},"title":"25. April 2018 \u2013 Es spielt Marcelo","author":"admin","date":"25. April 2018","format":false,"excerpt":"\u00a0 Es spielt MarceloAuf jedem Platz in unserer GegendIch sa\u00df immer in der ersten ReiheUnd fand ihn so erregend #RMAFCB #FCBRMA pic.twitter.com\/r02b5F4x9c\u2014 Essengeldturnschuh (@jythma) 29. April 2018","rel":"","context":"In &quot;Foto&quot;","block_context":{"text":"Foto","link":"http:\/\/kopfgraetsche.de\/?cat=3"},"img":{"alt_text":"2018_04_25","src":"https:\/\/i0.wp.com\/212.201.36.177\/~kopfgraetsche\/wp-content\/uploads\/2018\/04\/2018_04_25.jpg?resize=350%2C200","width":350,"height":200,"srcset":"https:\/\/i0.wp.com\/212.201.36.177\/~kopfgraetsche\/wp-content\/uploads\/2018\/04\/2018_04_25.jpg?resize=350%2C200 1x, https:\/\/i0.wp.com\/212.201.36.177\/~kopfgraetsche\/wp-content\/uploads\/2018\/04\/2018_04_25.jpg?resize=700%2C400 2x, https:\/\/i0.wp.com\/212.201.36.177\/~kopfgraetsche\/wp-content\/uploads\/2018\/04\/2018_04_25.jpg?resize=1050%2C600 3x, https:\/\/i0.wp.com\/212.201.36.177\/~kopfgraetsche\/wp-content\/uploads\/2018\/04\/2018_04_25.jpg?resize=1400%2C800 4x"},"classes":[]},{"id":9862,"url":"http:\/\/kopfgraetsche.de\/?p=9862","url_meta":{"origin":9883,"position":3},"title":"18. April 2026 \u2013 Remontada?","author":"admin","date":"18. April 2026","format":false,"excerpt":"","rel":"","context":"In &quot;Foto&quot;","block_context":{"text":"Foto","link":"http:\/\/kopfgraetsche.de\/?cat=3"},"img":{"alt_text":"","src":"https:\/\/i0.wp.com\/kopfgraetsche.de\/wp-content\/uploads\/2026\/04\/2026-04-18-scaled.jpg?resize=350%2C200","width":350,"height":200,"srcset":"https:\/\/i0.wp.com\/kopfgraetsche.de\/wp-content\/uploads\/2026\/04\/2026-04-18-scaled.jpg?resize=350%2C200 1x, https:\/\/i0.wp.com\/kopfgraetsche.de\/wp-content\/uploads\/2026\/04\/2026-04-18-scaled.jpg?resize=700%2C400 2x, https:\/\/i0.wp.com\/kopfgraetsche.de\/wp-content\/uploads\/2026\/04\/2026-04-18-scaled.jpg?resize=1050%2C600 3x, https:\/\/i0.wp.com\/kopfgraetsche.de\/wp-content\/uploads\/2026\/04\/2026-04-18-scaled.jpg?resize=1400%2C800 4x"},"classes":[]},{"id":9870,"url":"http:\/\/kopfgraetsche.de\/?p=9870","url_meta":{"origin":9883,"position":4},"title":"22. April 2026 \u2013 ohne Stativ spielen, hoch gewinnen","author":"admin","date":"22. April 2026","format":false,"excerpt":"","rel":"","context":"In &quot;Foto&quot;","block_context":{"text":"Foto","link":"http:\/\/kopfgraetsche.de\/?cat=3"},"img":{"alt_text":"","src":"https:\/\/i0.wp.com\/kopfgraetsche.de\/wp-content\/uploads\/2026\/04\/2026-04-22.jpg?resize=350%2C200","width":350,"height":200,"srcset":"https:\/\/i0.wp.com\/kopfgraetsche.de\/wp-content\/uploads\/2026\/04\/2026-04-22.jpg?resize=350%2C200 1x, https:\/\/i0.wp.com\/kopfgraetsche.de\/wp-content\/uploads\/2026\/04\/2026-04-22.jpg?resize=700%2C400 2x, https:\/\/i0.wp.com\/kopfgraetsche.de\/wp-content\/uploads\/2026\/04\/2026-04-22.jpg?resize=1050%2C600 3x, https:\/\/i0.wp.com\/kopfgraetsche.de\/wp-content\/uploads\/2026\/04\/2026-04-22.jpg?resize=1400%2C800 4x"},"classes":[]},{"id":9840,"url":"http:\/\/kopfgraetsche.de\/?p=9840","url_meta":{"origin":9883,"position":5},"title":"01. April 2026 \u2013 Artemis\u00a0II &#8211; Im Zeichen des Ostermondes","author":"admin","date":"1. April 2026","format":false,"excerpt":"","rel":"","context":"In &quot;Foto&quot;","block_context":{"text":"Foto","link":"http:\/\/kopfgraetsche.de\/?cat=3"},"img":{"alt_text":"","src":"https:\/\/i0.wp.com\/kopfgraetsche.de\/wp-content\/uploads\/2026\/04\/2026_04_01-scaled.jpg?resize=350%2C200","width":350,"height":200,"srcset":"https:\/\/i0.wp.com\/kopfgraetsche.de\/wp-content\/uploads\/2026\/04\/2026_04_01-scaled.jpg?resize=350%2C200 1x, https:\/\/i0.wp.com\/kopfgraetsche.de\/wp-content\/uploads\/2026\/04\/2026_04_01-scaled.jpg?resize=700%2C400 2x, https:\/\/i0.wp.com\/kopfgraetsche.de\/wp-content\/uploads\/2026\/04\/2026_04_01-scaled.jpg?resize=1050%2C600 3x, https:\/\/i0.wp.com\/kopfgraetsche.de\/wp-content\/uploads\/2026\/04\/2026_04_01-scaled.jpg?resize=1400%2C800 4x"},"classes":[]}],"_links":{"self":[{"href":"http:\/\/kopfgraetsche.de\/index.php?rest_route=\/wp\/v2\/posts\/9883","targetHints":{"allow":["GET"]}}],"collection":[{"href":"http:\/\/kopfgraetsche.de\/index.php?rest_route=\/wp\/v2\/posts"}],"about":[{"href":"http:\/\/kopfgraetsche.de\/index.php?rest_route=\/wp\/v2\/types\/post"}],"author":[{"embeddable":true,"href":"http:\/\/kopfgraetsche.de\/index.php?rest_route=\/wp\/v2\/users\/1"}],"replies":[{"embeddable":true,"href":"http:\/\/kopfgraetsche.de\/index.php?rest_route=%2Fwp%2Fv2%2Fcomments&post=9883"}],"version-history":[{"count":2,"href":"http:\/\/kopfgraetsche.de\/index.php?rest_route=\/wp\/v2\/posts\/9883\/revisions"}],"predecessor-version":[{"id":9886,"href":"http:\/\/kopfgraetsche.de\/index.php?rest_route=\/wp\/v2\/posts\/9883\/revisions\/9886"}],"wp:attachment":[{"href":"http:\/\/kopfgraetsche.de\/index.php?rest_route=%2Fwp%2Fv2%2Fmedia&parent=9883"}],"wp:term":[{"taxonomy":"category","embeddable":true,"href":"http:\/\/kopfgraetsche.de\/index.php?rest_route=%2Fwp%2Fv2%2Fcategories&post=9883"},{"taxonomy":"post_tag","embeddable":true,"href":"http:\/\/kopfgraetsche.de\/index.php?rest_route=%2Fwp%2Fv2%2Ftags&post=9883"}],"curies":[{"name":"wp","href":"https:\/\/api.w.org\/{rel}","templated":true}]}}