{"id":9881,"date":"2026-05-01T11:39:25","date_gmt":"2026-05-01T09:39:25","guid":{"rendered":"http:\/\/kopfgraetsche.de\/?p=9881"},"modified":"2026-05-01T11:39:25","modified_gmt":"2026-05-01T09:39:25","slug":"alles-graetscht-kopf","status":"publish","type":"post","link":"http:\/\/kopfgraetsche.de\/?p=9881","title":{"rendered":"Alles gr\u00e4tscht Kopf"},"content":{"rendered":"\n<p>Okay, jetzt k\u00f6nnen wir es ja zugeben. Georg Baselitz ist der Erfinder der Kopfgr\u00e4tsche. Am Anfang war es eine ganz ordin\u00e4re Gr\u00e4tsche, aber er hatte die Idee diese einfach of den Kopf zu stellen. Und das war dann auch ein Megaerfolg. Niemand wollte mehr eine herk\u00f6mmliche Gr\u00e4tsche sehen. Irgendwie auch ein Fluch, aber wenn man den ganzen Tag Menschen mit Augen auf Augenh\u00f6he sehen muss, dann freut man sich sogar \u00fcber Augenkontakt mit den H\u00fchneraugen. Deshalb gelten auch Samstage (10:30) und Mittwoche (18:00) auch als Kurzurlaub f\u00fcrs Gehirn. Das spart sich immerhin das von den Sehnerven gelieferte Bild umzudrehen. Als wir vor 14 Jahren das DIA-Turnier Kunst am Ball spielten, standen andere Stars der Kunstszene im Rampenlicht. Warhol, Picasso, Richter, Kandinsky waren Teampaten. Beuys hatte die aufregendsten Fettecken, bevor jede Drittligamannschaft die Arsenal-Ecken kopiert hatte, bei denen sich m\u00f6glichst viele Spieler fett vor dem Torwart aufbauen und der h\u00e4rteste Eisensch\u00e4del zuletzt die Murmel wie G\u00fcnther Uecker ins Netz nagelt. Baselitz wurde nicht eingewechselt, bei der als Fu\u00dfball getarnten Aktionskunst. Notd\u00fcrftig eingerahmt wurde das Gebolze von einem bunten Mix aus Bandenwerbung, die sogar das damals noch frische Original-Kopfgr\u00e4tsche-Design zeigt. Schon deshalb lohnt sich das Videostudium dieser historischen Aufnahmen. Und bei 5:11 haben wir sehr subtil noch einen letzten Gru\u00df an Georg Baselitz versteckt:\u00a0<\/p>\n\n\n\n<figure class=\"wp-block-embed is-type-video is-provider-youtube wp-block-embed-youtube wp-embed-aspect-16-9 wp-has-aspect-ratio\"><div class=\"wp-block-embed__wrapper\">\n<span class=\"embed-youtube\" style=\"text-align:center; display: block;\"><iframe loading=\"lazy\" class=\"youtube-player\" width=\"584\" height=\"329\" src=\"https:\/\/www.youtube.com\/embed\/KD5JVlkfDT4?version=3&#038;rel=1&#038;showsearch=0&#038;showinfo=1&#038;iv_load_policy=1&#038;fs=1&#038;hl=de-DE&#038;autohide=2&#038;start=331&#038;wmode=transparent\" allowfullscreen=\"true\" style=\"border:0;\" sandbox=\"allow-scripts allow-same-origin allow-popups allow-presentation\"><\/iframe><\/span>  \n<\/div><\/figure>\n","protected":false},"excerpt":{"rendered":"<p>Okay, jetzt k\u00f6nnen wir es ja zugeben. Georg Baselitz ist der Erfinder der Kopfgr\u00e4tsche. Am Anfang war es eine ganz ordin\u00e4re Gr\u00e4tsche, aber er hatte die Idee diese einfach of den Kopf zu stellen. Und das war dann auch ein &hellip; <a href=\"http:\/\/kopfgraetsche.de\/?p=9881\">Weiterlesen <span class=\"meta-nav\">&rarr;<\/span><\/a><\/p>\n","protected":false},"author":1,"featured_media":0,"comment_status":"closed","ping_status":"","sticky":false,"template":"","format":"standard","meta":{"jetpack_post_was_ever_published":false,"_jetpack_newsletter_access":"","footnotes":""},"categories":[31],"tags":[393,1664,1670,68,73,1668,57,1669,58,1667,1666],"class_list":["post-9881","post","type-post","status-publish","format-standard","hentry","category-spielankundigung","tag-arsenal","tag-baselitz","tag-beuys","tag-dia","tag-dia-turnier","tag-kandinsky","tag-mittwoch","tag-richter","tag-samstag","tag-uecker","tag-warhol"],"jetpack_featured_media_url":"","jetpack_sharing_enabled":true,"jetpack_shortlink":"https:\/\/wp.me\/pdIOD5-2zn","jetpack_likes_enabled":true,"jetpack-related-posts":[{"id":9249,"url":"http:\/\/kopfgraetsche.de\/?p=9249","url_meta":{"origin":9881,"position":0},"title":"23. November 2024 &#8211; Men in Tights","author":"cw","date":"23. November 2024","format":false,"excerpt":"Wie klingt diese Kopfgr\u00e4tsche-Band? Hoffentlich nicht wie in diesem KI-generierten Kopfgr\u00e4tsche-Song \"The Gr\u00e4tsch Rock'n Roll Swindle\". M\u00f6glicherweise klingt er auch nicht nach Beach Boys, wie man es sofort im Ohr hat, wenn man die \"Surfer Girl\"-Platte aus dem Januar 2014 sieht. \u00dcbrigens 'KI': W\u00e4hrend des Fotoshootings f\u00fcr das neue Plattencover\u2026","rel":"","context":"In &quot;Foto&quot;","block_context":{"text":"Foto","link":"http:\/\/kopfgraetsche.de\/?cat=3"},"img":{"alt_text":"","src":"https:\/\/i0.wp.com\/kopfgraetsche.de\/wp-content\/uploads\/2024\/11\/Fussball_20241123_Men_in_Tights_Plattencover-1-scaled.jpg?resize=350%2C200","width":350,"height":200,"srcset":"https:\/\/i0.wp.com\/kopfgraetsche.de\/wp-content\/uploads\/2024\/11\/Fussball_20241123_Men_in_Tights_Plattencover-1-scaled.jpg?resize=350%2C200 1x, https:\/\/i0.wp.com\/kopfgraetsche.de\/wp-content\/uploads\/2024\/11\/Fussball_20241123_Men_in_Tights_Plattencover-1-scaled.jpg?resize=700%2C400 2x, https:\/\/i0.wp.com\/kopfgraetsche.de\/wp-content\/uploads\/2024\/11\/Fussball_20241123_Men_in_Tights_Plattencover-1-scaled.jpg?resize=1050%2C600 3x, https:\/\/i0.wp.com\/kopfgraetsche.de\/wp-content\/uploads\/2024\/11\/Fussball_20241123_Men_in_Tights_Plattencover-1-scaled.jpg?resize=1400%2C800 4x"},"classes":[]},{"id":7378,"url":"http:\/\/kopfgraetsche.de\/?p=7378","url_meta":{"origin":9881,"position":1},"title":"4-Eck gewinnt","author":"admin","date":"2. April 2021","format":false,"excerpt":"Wir gr\u00e4tschen im 4-EckWir gr\u00e4tschen konzentriertIch gr\u00e4tsch mit dirDu gr\u00e4tschst mit mirIch du ich du ...Ich du du ...Wir gr\u00e4tschen konzentriert Das ist meine Gr\u00e4tsche zu dirIch will dich abh\u00e4ngig machen von mirDu sollst genauso sein wie ichDu sollst mein Zwilling seinDas ist meine Gr\u00e4tsche zu dir Repose en paix\u2026","rel":"","context":"In &quot;Spielank\u00fcndigung&quot;","block_context":{"text":"Spielank\u00fcndigung","link":"http:\/\/kopfgraetsche.de\/?cat=31"},"img":{"alt_text":"","src":"","width":0,"height":0},"classes":[]},{"id":8758,"url":"http:\/\/kopfgraetsche.de\/?p=8758","url_meta":{"origin":9881,"position":2},"title":"\u00c4tschi Gr\u00e4tschi","author":"admin","date":"15. Dezember 2023","format":false,"excerpt":"Das war ja eine ganz okaye Gr\u00e4tsche, Niklas. Im Standbild sieht das fast nach Erobique aus. Perfekte Haltung bei Beinen und Armen. Er ist nicht einmal so gerutscht, dass das Trikot unvorteilhafte K\u00f6rperregionen entbl\u00f6\u00dft hat. Da passt alles. Nur eben nicht der Ball ins Tor. Und das geh\u00f6rt nat\u00fcrlich auch\u2026","rel":"","context":"In &quot;Spielank\u00fcndigung&quot;","block_context":{"text":"Spielank\u00fcndigung","link":"http:\/\/kopfgraetsche.de\/?cat=31"},"img":{"alt_text":"","src":"","width":0,"height":0},"classes":[]},{"id":1486,"url":"http:\/\/kopfgraetsche.de\/?p=1486","url_meta":{"origin":9881,"position":3},"title":"Einfach wurstmeisterlich","author":"admin","date":"19. Juli 2013","format":false,"excerpt":"Der Ergebnisdienst informiert: Sieger des 7 B\u00fcrgen Turniers wurde die unbezwingbare Enklave Hongkong. Die Martial-Arts-Experten nahmen reichlich Wurstwaren und Eddy Snowden im Kofferraum mit nach Haus. Im Finale zerm\u00fcrbten sie die Allstar-Truppe, die vor allem aus Durchreisenden mit leichtem Handgep\u00e4ck bestand, worin die offizielle Ausr\u00fcsterkluft fehlte (Nike-, Erima- und Kik-Logos\u2026","rel":"","context":"In &quot;Spielank\u00fcndigung&quot;","block_context":{"text":"Spielank\u00fcndigung","link":"http:\/\/kopfgraetsche.de\/?cat=31"},"img":{"alt_text":"","src":"","width":0,"height":0},"classes":[]},{"id":7327,"url":"http:\/\/kopfgraetsche.de\/?p=7327","url_meta":{"origin":9881,"position":4},"title":"Was ich im Gr\u00e4tschen traf (Meine eigene Nationalhymne)","author":"admin","date":"22. Januar 2021","format":false,"excerpt":"Was ich auf dem Platz tatDas war bestimmt nicht immer richtigIch nahm den Ball auch manchmal anUnd nahm doch manches nicht so wichtig Wenn ich auch ganz gewissMich nicht von Schuld und dich vorm Tor frei sehVerzeihen Sie, wenn ich sagI gr\u00e4scht it my way Ich kenn das auf und\u2026","rel":"","context":"In &quot;Spielank\u00fcndigung&quot;","block_context":{"text":"Spielank\u00fcndigung","link":"http:\/\/kopfgraetsche.de\/?cat=31"},"img":{"alt_text":"","src":"","width":0,"height":0},"classes":[]},{"id":1121,"url":"http:\/\/kopfgraetsche.de\/?p=1121","url_meta":{"origin":9881,"position":5},"title":"Dopa in Doha","author":"admin","date":"4. Dezember 2012","format":false,"excerpt":"Cooool. Endlich wieder vern\u00fcnftige Spieltemperaturen. Platzverh\u00e4ltnisse nach dem Geschmack der technisch Limitierten. Hat ja echt lange gedauert bis dieser nervige Sommer vor\u00fcber war. Aber jetzt geht es endlich wieder rund auf gr\u00fcn-wei\u00df (Jan, dein Stichwort). Wir zaubern uns wie bei Spiegel-Online 'ne 1A-Heatmap auf den Platz. Eine Heizdecke aus qualmenden\u2026","rel":"","context":"In &quot;Spielank\u00fcndigung&quot;","block_context":{"text":"Spielank\u00fcndigung","link":"http:\/\/kopfgraetsche.de\/?cat=31"},"img":{"alt_text":"","src":"","width":0,"height":0},"classes":[]}],"_links":{"self":[{"href":"http:\/\/kopfgraetsche.de\/index.php?rest_route=\/wp\/v2\/posts\/9881","targetHints":{"allow":["GET"]}}],"collection":[{"href":"http:\/\/kopfgraetsche.de\/index.php?rest_route=\/wp\/v2\/posts"}],"about":[{"href":"http:\/\/kopfgraetsche.de\/index.php?rest_route=\/wp\/v2\/types\/post"}],"author":[{"embeddable":true,"href":"http:\/\/kopfgraetsche.de\/index.php?rest_route=\/wp\/v2\/users\/1"}],"replies":[{"embeddable":true,"href":"http:\/\/kopfgraetsche.de\/index.php?rest_route=%2Fwp%2Fv2%2Fcomments&post=9881"}],"version-history":[{"count":1,"href":"http:\/\/kopfgraetsche.de\/index.php?rest_route=\/wp\/v2\/posts\/9881\/revisions"}],"predecessor-version":[{"id":9882,"href":"http:\/\/kopfgraetsche.de\/index.php?rest_route=\/wp\/v2\/posts\/9881\/revisions\/9882"}],"wp:attachment":[{"href":"http:\/\/kopfgraetsche.de\/index.php?rest_route=%2Fwp%2Fv2%2Fmedia&parent=9881"}],"wp:term":[{"taxonomy":"category","embeddable":true,"href":"http:\/\/kopfgraetsche.de\/index.php?rest_route=%2Fwp%2Fv2%2Fcategories&post=9881"},{"taxonomy":"post_tag","embeddable":true,"href":"http:\/\/kopfgraetsche.de\/index.php?rest_route=%2Fwp%2Fv2%2Ftags&post=9881"}],"curies":[{"name":"wp","href":"https:\/\/api.w.org\/{rel}","templated":true}]}}